{"id":5747,"global_id":"www.tempris.com\/de\/?id=5747","global_id_lineage":["www.tempris.com\/de\/?id=5747"],"author":"866705","status":"publish","date":"2023-06-05 02:00:43","date_utc":"2023-06-05 00:00:43","modified":"2023-06-05 11:58:35","modified_utc":"2023-06-05 09:58:35","url":"https:\/\/www.tempris.com\/de\/tempris-event\/achema-2018-frankfurt-deutschland\/","rest_url":"https:\/\/www.tempris.com\/de\/wp-json\/tribe\/events\/v1\/events\/5747","title":"Achema 2018 &#8211; Frankfurt, Deutschland","description":"<div class=\"fusion-fullwidth fullwidth-box fusion-builder-row-1 fusion-flex-container nonhundred-percent-fullwidth non-hundred-percent-height-scrolling\" style=\"--awb-border-radius-top-left:0px;--awb-border-radius-top-right:0px;--awb-border-radius-bottom-right:0px;--awb-border-radius-bottom-left:0px;--awb-flex-wrap:wrap;\" ><div class=\"fusion-builder-row fusion-row fusion-flex-align-items-flex-start fusion-flex-content-wrap\" style=\"max-width:1144px;margin-left: calc(-4% \/ 2 );margin-right: calc(-4% \/ 2 );\"><div class=\"fusion-layout-column fusion_builder_column fusion-builder-column-0 fusion_builder_column_1_1 1_1 fusion-flex-column\" style=\"--awb-bg-size:cover;--awb-width-large:100%;--awb-margin-top-large:0px;--awb-spacing-right-large:1.92%;--awb-margin-bottom-large:0px;--awb-spacing-left-large:1.92%;--awb-width-medium:100%;--awb-spacing-right-medium:1.92%;--awb-spacing-left-medium:1.92%;--awb-width-small:100%;--awb-spacing-right-small:1.92%;--awb-spacing-left-small:1.92%;\"><div class=\"fusion-column-wrapper fusion-flex-justify-content-flex-start fusion-content-layout-column\"><div class=\"fusion-text fusion-text-1\"><h1>ACHEMA &#8211; Weltforum und Leitmesse der Prozessindustrie<\/h1>\n<p><img decoding=\"async\" class=\"lazyload alignright wp-image-1835 size-full\" title=\"ACHEMA 2018 - 11.-15. Juni 2018 - Frankfurt am Main\" src=\"data:image\/svg+xml,%3Csvg%20xmlns%3D%27http%3A%2F%2Fwww.w3.org%2F2000%2Fsvg%27%20width%3D%27265%27%20height%3D%27380%27%20viewBox%3D%270%200%20265%20380%27%3E%3Crect%20width%3D%27265%27%20height%3D%27380%27%20fill-opacity%3D%220%22%2F%3E%3C%2Fsvg%3E\" data-orig-src=\"https:\/\/www.tempris.com\/wp-content\/uploads\/2018\/01\/ACHEMA-2018-Poster_265x380.jpg\" alt=\"ACHEMA 2018 - 11.-15. Juni 2018 - Frankfurt am Main\" width=\"265\" height=\"380\" \/><\/p>\n<h2>Ebnen Sie den Weg zu Pharma 4.0 mit Tempris.<\/h2>\n<p>Besuchen Sie das Tempris-Team auf der ACHEMA 2018 &#8211; Stand C16a, Halle 11.1 und \u00fcberzeugen Sie sich selbst von unseren kabellosen und batterielosen Tempris-Messsystem zur Produkttemperatur\u00fcberwachung w\u00e4hrend der Lyophilisation, Sterilisation und Granulation.<\/p>\n<p>Technischer Fortschritt und intensive Entwicklungsarbeit erm\u00f6glichen es uns, das Tempris-Messsystem der 3 Generation vorzustellen. Als mobiles oder station\u00e4res System bietet es sich zur Temperaturmessung in verschiedenen Anwendungen wie Gefriertrocknung oder Sterilisation an;<\/p>\n<ul>\n<li>Automatische Be- und Entladung<\/li>\n<li>Labor und Produktion<\/li>\n<li>&#8222;Scale-Up und Transfer&#8220;<\/li>\n<li>Prozess\u00fcberwachung und -steuerung<\/li>\n<li>Produkt-Validierung (Cold &amp; Hot Spot Mapping, Equipment &amp; Produkt-Sterilisation)<\/li>\n<li>Anlagen-Validierung (Shelf-Mapping)<\/li>\n<\/ul>\n<\/div><div class=\"fusion-text fusion-text-2\"><h2><b>Treffen Sie die Lyo-Experten<\/b><\/h2>\n<p>Dies ist eine gute Gelegenheit unsere Partner, die f\u00fchrende Lyo-Experten &#8211; Dr. A. Weiland and Dr. H. Gieseler zu treffen, die ihre neuesten Entwicklungen in der Welt der Lyophilisation in einem kurzen &#8222;In-Booth&#8220;-Vortrag vorstellen werden.<\/p>\n<p><b>Dr. Andrea Weiland<\/b> &#8211; 12.06.2018 10:00 Uhr and 14:00 Uhr &#8222;Wireless Temperature Measurement in Lyo Process Development, Validation and Production&#8220;.<br \/>\n<b>Dr. Henning Gieseler<\/b> &#8211; 13.06.2018 10:00 Uhr and 14:00 Uhr &#8222;The Challenge of Product Temperature Measurement During Freeze Drying: Traditional and Innovative Solutions&#8220;.<\/p>\n<\/div><div class=\"fusion-content-boxes content-boxes columns row fusion-columns-2 fusion-columns-total-2 fusion-content-boxes-1 content-boxes-icon-with-title content-left\" style=\"--awb-hover-accent-color:var(--awb-color4);--awb-circle-hover-accent-color:var(--awb-color4);\" data-animationOffset=\"top-into-view\"><div style=\"--awb-backgroundcolor:var(--awb-color1);\" class=\"fusion-column content-box-column content-box-column content-box-column-1 col-lg-6 col-md-6 col-sm-6 fusion-content-box-hover content-box-column-first-in-row\"><div class=\"col content-box-wrapper content-wrapper-background link-area-link-icon content-icon-wrapper-yes icon-hover-animation-fade\" data-animationOffset=\"top-into-view\"><div class=\"fusion-clearfix\"><\/div><div class=\"content-container\"><img class=\"lazyload\" decoding=\"async\" style=\"margin-right: 8px\" src=\"data:image\/svg+xml,%3Csvg%20xmlns%3D%27http%3A%2F%2Fwww.w3.org%2F2000%2Fsvg%27%20width%3D%27170%27%20height%3D%27244%27%20viewBox%3D%270%200%20170%20244%27%3E%3Crect%20width%3D%27170%27%20height%3D%27244%27%20fill-opacity%3D%220%22%2F%3E%3C%2Fsvg%3E\" data-orig-src=\"https:\/\/www.tempris.com\/wp-content\/uploads\/2018\/01\/Img_Andrea-Weiland.jpg\" alt=\"Dr. Andrea Weiland - Explicat Pharma GmbH\" width=\"170\" height=\"244\" align=\"left\" \/><\/p>\n<h3><a href=\"http:\/\/explicat.biz\/de\/\" target=\"_blank\" rel=\"noopener noreferrer\">Dr. Andrea Weiland &#8211; Explicat Pharma GmbH<\/a><\/h3>\n<p>Dr. Weiland ist diplomierte Pharmazeutin mit einem Doktortitel in Pharmazeutischer Technologie \u00fcber biologisch abbaubare Mikrosph\u00e4ren und Cyclodextrine (Ludwig-Maximilians-Universit\u00e4t M\u00fcnchen). Sie ist Gr\u00fcnderin der Explicat Pharma GmbH und seit 2005 Gesch\u00e4ftsf\u00fchrerin. Ihre Erfahrung umfasst die Entwicklung von Biopharmazeutika (z. B. rekombinanter Faktor VIII), die Entwicklung von Lyoformulierungen und Lyozyklen, die analytische Entwicklung und die damit verbundene Qualit\u00e4tssicherung sowie regulatorische Fragestellungen.<\/div><\/div><\/div><div style=\"--awb-backgroundcolor:var(--awb-color1);\" class=\"fusion-column content-box-column content-box-column content-box-column-2 col-lg-6 col-md-6 col-sm-6 fusion-content-box-hover content-box-column-last content-box-column-last-in-row\"><div class=\"col content-box-wrapper content-wrapper-background link-area-link-icon content-icon-wrapper-yes icon-hover-animation-fade\" data-animationOffset=\"top-into-view\"><div class=\"fusion-clearfix\"><\/div><div class=\"content-container\"><img class=\"lazyload\" decoding=\"async\" style=\"margin-right: 8px\" src=\"data:image\/svg+xml,%3Csvg%20xmlns%3D%27http%3A%2F%2Fwww.w3.org%2F2000%2Fsvg%27%20width%3D%27170%27%20height%3D%27244%27%20viewBox%3D%270%200%20170%20244%27%3E%3Crect%20width%3D%27170%27%20height%3D%27244%27%20fill-opacity%3D%220%22%2F%3E%3C%2Fsvg%3E\" data-orig-src=\"https:\/\/www.tempris.com\/wp-content\/uploads\/2018\/01\/lyo-summit-dr-henning-gieseler-gilyos.jpg\" alt=\"Dr. Henning Gieleser - Gilyos GmbH\" width=\"170\" height=\"244\" align=\"left\" \/><\/p>\n<h3><a href=\"https:\/\/www.gilyos.com\/\" target=\"_blank\" rel=\"noopener noreferrer\">Dr. Henning Gieleser &#8211; Gilyos GmbH<\/a><\/h3>\n<p>Dr. Gieseler verf\u00fcgt \u00fcber mehr als 10 Jahre Erfahrung auf dem Gebiet der Gefriertrocknung und physikalisch-chemischen Charakterisierung von Wirkstoffen. Er gilt als einer der f\u00fchrenden Experten in der Welt der Gefriertrocknung. Henning ist Autor und Co-Autor zahlreicher Publikationen auf diesem Gebiet. Er ist aktives Mitglied der AAPS und ehrenamtlicher Gutachter f\u00fcr eine Reihe namhafter Forschungszeitschriften.<\/div><\/div><\/div><div class=\"fusion-clearfix\"><\/div><\/div><div class=\"fusion-text fusion-text-3\"><p>&lt;!&#8211;<\/p>\n<div class=\"text1\">\n<div class=\"wrapper\">\n<h2><b>Pers\u00f6nliche Termin vereinbaren \/ Gratis Voucher Nummer bekommen <\/b><\/h2>\n<p>[contact-form-7 id=&#8220;1679&#8243; title=&#8220;Achema 2018 Meeting Reservierung&#8220;]<\/p><\/div>\n<\/div>\n<p>&#8211;&gt;<\/p>\n<\/div><\/div><\/div><\/div><\/div>","excerpt":"","slug":"achema-2018-frankfurt-deutschland","image":false,"all_day":false,"start_date":"2018-06-11 00:00:00","start_date_details":{"year":"2018","month":"06","day":"11","hour":"00","minutes":"00","seconds":"00"},"end_date":"2018-06-15 00:00:00","end_date_details":{"year":"2018","month":"06","day":"15","hour":"00","minutes":"00","seconds":"00"},"utc_start_date":"2018-06-10 22:00:00","utc_start_date_details":{"year":"2018","month":"06","day":"10","hour":"22","minutes":"00","seconds":"00"},"utc_end_date":"2018-06-14 22:00:00","utc_end_date_details":{"year":"2018","month":"06","day":"14","hour":"22","minutes":"00","seconds":"00"},"timezone":"Europe\/Berlin","timezone_abbr":"CEST","cost":"","cost_details":{"currency_symbol":"","currency_code":"","currency_position":"prefix","values":[]},"website":"https:\/\/www.achema.de\/de\/","show_map":true,"show_map_link":true,"hide_from_listings":false,"sticky":false,"featured":false,"categories":[{"name":"Messen und Ausstellungen","slug":"messen-und-ausstellungen","term_group":0,"term_taxonomy_id":104,"taxonomy":"tribe_events_cat","description":"","parent":0,"count":22,"filter":"raw","id":104,"urls":{"self":"https:\/\/www.tempris.com\/de\/wp-json\/tribe\/events\/v1\/categories\/104","collection":"https:\/\/www.tempris.com\/de\/wp-json\/tribe\/events\/v1\/categories"}}],"tags":[],"venue":{"id":4078,"author":"866705","status":"publish","date":"2022-10-27 16:01:43","date_utc":"2022-10-27 14:01:43","modified":"2025-10-14 08:40:50","modified_utc":"2025-10-14 06:40:50","url":"https:\/\/www.tempris.com\/de\/veranstaltungsort\/messe-frankfurt\/","venue":"Messe Frankfurt","slug":"messe-frankfurt","address":"Ludwig-Erhard-Anlage 1","city":"Frankfurt am Main","country":"Germany","zip":"60327","website":"https:\/\/www.messefrankfurt.com\/","json_ld":{"@type":"Place","name":"Messe Frankfurt","description":"","url":"","address":{"@type":"PostalAddress","streetAddress":"Ludwig-Erhard-Anlage 1","addressLocality":"Frankfurt am Main","postalCode":"60327","addressCountry":"Germany"},"telephone":"","sameAs":"https:\/\/www.messefrankfurt.com\/"},"show_map":false,"show_map_link":true,"global_id":"www.tempris.com\/de\/?id=4078","global_id_lineage":["www.tempris.com\/de\/?id=4078"]},"organizer":[{"id":5798,"author":"866705","status":"publish","date":"2023-06-05 11:56:12","date_utc":"2023-06-05 09:56:12","modified":"2023-06-05 11:56:12","modified_utc":"2023-06-05 09:56:12","url":"https:\/\/www.tempris.com\/de\/veranstalter\/dechema-ausstellungs-gmbh\/","organizer":"DECHEMA Ausstellungs-GmbH","slug":"dechema-ausstellungs-gmbh","phone":"+49 69 7564-100","website":"https:\/\/www.achema.de\/de\/","email":"exhibition@achema.de","json_ld":{"@type":"Person","name":"DECHEMA Ausstellungs-GmbH","description":"","url":"https:\/\/www.achema.de\/de\/","telephone":"+49 69 7564-100","email":"exhibition@achema.de","sameAs":"https:\/\/www.achema.de\/de\/"},"global_id":"www.tempris.com\/de\/?id=5798","global_id_lineage":["www.tempris.com\/de\/?id=5798"]}],"custom_fields":[],"json_ld":{"@context":"http:\/\/schema.org","@type":"Event","name":"Achema 2018 &#8211; Frankfurt, Deutschland","description":"&lt;p&gt;ACHEMA - Weltforum und Leitmesse der Prozessindustrie Ebnen Sie den Weg zu Pharma 4.0 mit Tempris. Besuchen Sie das Tempris-Team auf der ACHEMA 2018 - Stand C16a, Halle 11.1 und \u00fcberzeugen Sie sich selbst von unseren kabellosen und batterielosen Tempris-Messsystem zur Produkttemperatur\u00fcberwachung w\u00e4hrend der Lyophilisation, Sterilisation und Granulation. Technischer Fortschritt und intensive Entwicklungsarbeit erm\u00f6glichen es&lt;\/p&gt;\\n","url":"https:\/\/www.tempris.com\/de\/tempris-event\/achema-2018-frankfurt-deutschland\/","eventAttendanceMode":"https:\/\/schema.org\/OfflineEventAttendanceMode","eventStatus":"https:\/\/schema.org\/EventScheduled","startDate":"2018-06-11T00:00:00+02:00","endDate":"2018-06-15T00:00:00+02:00","location":{"@type":"Place","name":"Messe Frankfurt","description":"","url":"","address":{"@type":"PostalAddress","streetAddress":"Ludwig-Erhard-Anlage 1","addressLocality":"Frankfurt am Main","postalCode":"60327","addressCountry":"Germany"},"telephone":"","sameAs":"https:\/\/www.messefrankfurt.com\/"},"organizer":{"@type":"Person","name":"DECHEMA Ausstellungs-GmbH","description":"","url":"https:\/\/www.achema.de\/de\/","telephone":"+49 69 7564-100","email":"exhibition@achema.de","sameAs":"https:\/\/www.achema.de\/de\/"},"performer":"Organization"}}